{"id":7143,"date":"2024-12-27T15:53:46","date_gmt":"2024-12-27T14:53:46","guid":{"rendered":"https:\/\/vanbauseneick.de\/krautnick\/?p=7143"},"modified":"2024-12-27T15:53:46","modified_gmt":"2024-12-27T14:53:46","slug":"ayn-marlen-und-marlen-voices-phenomena-toten-schwan-records-2024","status":"publish","type":"post","link":"https:\/\/vanbauseneick.de\/krautnick\/ayn-marlen-und-marlen-voices-phenomena-toten-schwan-records-2024\/","title":{"rendered":"Ayn &amp; Marlen und Marlen \u2013 Voices Phenomena \u2013 Toten Schwan Records 2024"},"content":{"rendered":"<div class=\"wp-block-image\">\n<figure class=\"alignleft size-full\"><a href=\"https:\/\/vanbauseneick.de\/krautnick\/wp-content\/uploads\/2024\/12\/Ayn-Marlen-und-Marlen-Voices-Phenomena.jpg\"><img loading=\"lazy\" decoding=\"async\" width=\"111\" height=\"111\" src=\"https:\/\/vanbauseneick.de\/krautnick\/wp-content\/uploads\/2024\/12\/Ayn-Marlen-und-Marlen-Voices-Phenomena.jpg\" alt=\"\" class=\"wp-image-7144\"\/><\/a><\/figure>\n<\/div>\n\n\n<p>Von Matthias Bosenick (27.12.2024)<br><br>Die Musik auf \u201eVoices Phenomena\u201c ist so spooky, wie es das Thema erhoffen l\u00e4sst: Tonbandstimmen, auf Englisch EVP f\u00fcr Electronic Voice Phenomenon, auf Esoterisch Instrumentelle Transkommunikation, bezeichnen auf Tonb\u00e4ndern auftretende Stimmen, allerdings solche, die zum Zeitpunkt der Aufnahme gar nicht zu h\u00f6ren waren, also wom\u00f6glich solchen aus Totenwelten. Mit Repetitiven Figuren aus Dark Wave, Industrial und Death Rock widmet sich das italienische Duo mit dem Trio-Namen Ayn &amp; Marlen und Marlen diesem Ph\u00e4nomen \u2013 und ja, manches haucht wie aus anderen Welten, anderes steht mit beiden F\u00fc\u00dfen fest auf der Erde, die wir sehen. Gruselig!<\/p>\n\n\n\n<!--more-->\n\n\n\n<p><a><\/a> Im Intro, das den passenden Titel \u201ePreludio\u201c tr\u00e4gt, bekommt man eine akustische Umsetzung des Ph\u00e4nomens, eine Transkription dessen: Man h\u00f6rt Seitenbl\u00e4ttern zu verst\u00f6renden Soundscapes. Ja, so mag sich das verhalten. Und dann stellen Ayn &amp; Marlen und Marlen die Erwartungen auf den Kopf: In \u201eSahasrara\u201c brettern Gitarren so heavy wie bei The Nefilim durch das heimgesuchte Geisterzimmer, das St\u00fcck ist partiell industrial-artig und im Verlauf auf weiten Strecken beatlos mit Bratzgitarre. Und schon ist man auf der falschen F\u00e4hrte, denn so bleibt das Album nicht.<br><br>Vielmehr verlegt sich das Duo nun wirklich auf das, was man sich unter dem Konzept vorstellt. Die Musik ist leer, kalt, monoton, langsam, mal eher elektronisch, mal mit Gitarre versehen und sehr von den Stimmen bestimmt, der m\u00e4nnlichen von Ayn alias Christian Nicolao und der weiblichen von Marlen und Marlen alias Simona Boglietti, die mal singen, mal wispern, mal murmeln und damit die beklemmende Atmosph\u00e4re der ohnehin schon beklemmenden Musik nur verst\u00e4rken. Nat\u00fcrlich Stimmen, siehe Konzept!<br><br>Da es dem Duo prim\u00e4r um Stimmungen geht, nimmt es sich f\u00fcr seine Tracks auch Zeit und l\u00e4sst die Effekte wirken. Dabei variiert es die Ausrichtung, die Gewichtung der Komponenten, und reichert sie unerwartet an: In \u201eOur House\u201c etwa, nicht gleichzusetzen mit dem Hit von Madness, bekommt die elektrische Gitarre einen sehr warmen Grundton, in \u201eShades\u201c begleitet eine schroffe Akustikgitarre das Ticken einer Uhr, \u201eInto The Eyes\u201c k\u00f6nnte man beinahe als Gothic-Song auffassen, irgendwo im Bereich Dead Can Dance oder This Mortal Coil, und das Titelst\u00fcck grummelt mit m\u00e4nnlichem Kehlkopfgesang zu langsamen Waverock mit himmlischer Frauenstimme.<br><br>Mit seinem dritten Album setzt das Duo aus Biella im Piemont das Outro zum Vorg\u00e4ngeralbum \u201eFrom The Floor Below\u201c fort, l\u00e4sst es in der Info wissen. Au\u00dferdem teilt das Duo darin mit, dass \u201eVoices Phenomenon\u201c das wei\u00dfe Albedo darstellt, das aus dem schwarzen Nigredo resultiert. Ganz ohne Esoterik geht\u2019s bei so einem Thema einfach nicht, obwohl man schon den Eindruck bekommt, Ayn &amp; Marlen und Marlen bedienten sich bei der Konzeption dieses Albums bei solchen Inhalten doch mit einem Augenzwinkern. Wie auch immer: Ihnen ist ein gruseliges, atmosph\u00e4risches, d\u00fcsteres Album gelungen!<\/p>\n","protected":false},"excerpt":{"rendered":"<p>Von Matthias Bosenick (27.12.2024) Die Musik auf \u201eVoices Phenomena\u201c ist so spooky, wie es das Thema erhoffen l\u00e4sst: Tonbandstimmen, auf Englisch EVP f\u00fcr Electronic Voice Phenomenon, auf Esoterisch Instrumentelle Transkommunikation, bezeichnen auf Tonb\u00e4ndern auftretende Stimmen, allerdings solche, die zum Zeitpunkt &hellip; <a href=\"https:\/\/vanbauseneick.de\/krautnick\/ayn-marlen-und-marlen-voices-phenomena-toten-schwan-records-2024\/\">Weiterlesen <span class=\"meta-nav\">&rarr;<\/span><\/a><\/p>\n","protected":false},"author":1,"featured_media":0,"comment_status":"closed","ping_status":"closed","sticky":false,"template":"","format":"standard","meta":{"footnotes":""},"categories":[3],"tags":[],"class_list":["post-7143","post","type-post","status-publish","format-standard","hentry","category-album"],"_links":{"self":[{"href":"https:\/\/vanbauseneick.de\/krautnick\/wp-json\/wp\/v2\/posts\/7143","targetHints":{"allow":["GET"]}}],"collection":[{"href":"https:\/\/vanbauseneick.de\/krautnick\/wp-json\/wp\/v2\/posts"}],"about":[{"href":"https:\/\/vanbauseneick.de\/krautnick\/wp-json\/wp\/v2\/types\/post"}],"author":[{"embeddable":true,"href":"https:\/\/vanbauseneick.de\/krautnick\/wp-json\/wp\/v2\/users\/1"}],"replies":[{"embeddable":true,"href":"https:\/\/vanbauseneick.de\/krautnick\/wp-json\/wp\/v2\/comments?post=7143"}],"version-history":[{"count":1,"href":"https:\/\/vanbauseneick.de\/krautnick\/wp-json\/wp\/v2\/posts\/7143\/revisions"}],"predecessor-version":[{"id":7145,"href":"https:\/\/vanbauseneick.de\/krautnick\/wp-json\/wp\/v2\/posts\/7143\/revisions\/7145"}],"wp:attachment":[{"href":"https:\/\/vanbauseneick.de\/krautnick\/wp-json\/wp\/v2\/media?parent=7143"}],"wp:term":[{"taxonomy":"category","embeddable":true,"href":"https:\/\/vanbauseneick.de\/krautnick\/wp-json\/wp\/v2\/categories?post=7143"},{"taxonomy":"post_tag","embeddable":true,"href":"https:\/\/vanbauseneick.de\/krautnick\/wp-json\/wp\/v2\/tags?post=7143"}],"curies":[{"name":"wp","href":"https:\/\/api.w.org\/{rel}","templated":true}]}}