{"id":6386,"date":"2024-05-29T21:08:04","date_gmt":"2024-05-29T19:08:04","guid":{"rendered":"https:\/\/vanbauseneick.de\/krautnick\/?p=6386"},"modified":"2024-05-29T21:08:04","modified_gmt":"2024-05-29T19:08:04","slug":"les-longs-adieux-vertigo-les-longs-adieux-2024","status":"publish","type":"post","link":"https:\/\/vanbauseneick.de\/krautnick\/les-longs-adieux-vertigo-les-longs-adieux-2024\/","title":{"rendered":"Les Longs Adieux \u2013 Vertigo \u2013 Les Longs Adieux 2024"},"content":{"rendered":"<div class=\"wp-block-image\">\n<figure class=\"alignleft size-full\"><a href=\"https:\/\/vanbauseneick.de\/krautnick\/wp-content\/uploads\/2024\/05\/Les-Longs-Adieux-Vertigo.jpg\"><img loading=\"lazy\" decoding=\"async\" width=\"111\" height=\"111\" src=\"https:\/\/vanbauseneick.de\/krautnick\/wp-content\/uploads\/2024\/05\/Les-Longs-Adieux-Vertigo.jpg\" alt=\"\" class=\"wp-image-6387\"\/><\/a><\/figure>\n<\/div>\n\n\n<p>Von Matthias Bosenick (29.05.2024)<br><br>Das ging schnell: Kaum ein Jahr nach dem Deb\u00fct \u201ePiccolo Dizionario Di Parole Fraintese\u201c gibt\u2019s von Les Longs Adieux schon den Nachfolger \u201eVertigo\u201c. Darauf befasst sich das Duo aus Rom mit den Folgen der Anschl\u00e4ge auf das New Yorker World Trade Center und kleidet seine Betrachtungen in einen Achtziger-Sound, den es mit den Mitteln von heute generiert: Synthiepop auf modernem Stand, dazu Wave-Gitarren, eine grunds\u00e4tzlich d\u00fcstere Ausrichtung, zumeist tanzbar und mit catchy Melodien. Ein sch\u00f6ner, dunkler Spagat zwischen retro und modern.<\/p>\n\n\n\n<!--more-->\n\n\n\n<p><a><\/a> Ja, der Stil ist klar den Achtzigern entnommen, doch die Sounds sind dies nicht, jedenfalls nicht durchgehend. Einige Effekte, manche F\u00fcllsel scheint man bereits aus der Zeit von vor 40 Jahren zu kennen, als Synthies gerade erschwinglich wurden und die Bands wie wild experimentierten und eine Musik wie diese erfanden, poppig, aber dunkel, atmosph\u00e4risch, aber kalt, und dann als Kontrast versetzt mit einer Flanger-Gitarre, die von sich aus warm klingt, aber die synthetische K\u00e4lte noch hervorhebt. Das Gros der Sounds auf \u201eVertigo\u201c indes w\u00e4re vor 40 Jahren auf diese Weise noch gar nicht generierbar gewesen, denn die Mittel daf\u00fcr sind viel zu modern und damit eben auch die Musik.<br><br>Les Longs Adieux nutzen ihr Instrumentarium, um es vielseitig einzusetzen; trotz der grunds\u00e4tzlich gruftigen Stimmung gibt\u2019s auf \u201eVertigo\u201c auch Uptempo-Songs wie \u201eAntenna\u201c, \u201eTwo Sides Of The World\u201c beginnt mit einem Glam-Rock-Rhythmus, der Rauswerfer \u201eMan Of The Clouds\u201c tr\u00e4gt einen hoffnungsvollen Achtziger-Anklang in sich, die meisten bleiben im mittleren Wave-Club-Tempo und dazu gibt es Balladen wie \u201eWindows On The World\u201c oder \u201eFalling Man\u201c. Jenes greift bereits im Titel das Thema des Albums auf, n\u00e4mlich die Auseinandersetzung mit den Anschl\u00e4gen auf die Twin Towers. Als eine Art Synth-Dream-Pop-Oper fassen Les Longs Adieux \u201eVertigo\u201c auf, die die \u201etragischen Ereignisse\u201c, so die Info, mit einer Gef\u00fchlsmelange aus Angst, Schuld und Empathie verarbeitet.<br><br>So viel zur Musik \u2013 den Gesang \u00fcbernimmt hier Federica Garenna, die ihre Stimme den Songs gem\u00e4\u00df einsetzt, mal klar und dunkel, mal ausdrucksstark in h\u00f6herer Lage, auch mal an Diamanda Gal\u00e1s erinnernd oder an Louise Patricia Crane. Au\u00dferdem \u00fcbernimmt sie Synthies und Gitarren, den Rest \u2013 weitere Gitarren, unterst\u00fctzende Programmierung und einmal den E-Bow \u2013 \u00fcbernimmt Frank Marrelli. Damit schrumpft Les Longs Adieux zum Duo, denn Alessandra Trinity Bersiani und Valerio Michetti, die noch am Deb\u00fct und am im November ver\u00f6ffentlichten Mitschnitt \u201eLive At Traffic 25\/02\/23\u201c beteiligt waren, fehlen hier. Ganz abgesehen von den Singles und EPs, die dem Deb\u00fct vorangingen. Ziemlich hohe Schlagzahl insgesamt, man darf sich jetzt schon auf die n\u00e4chste Ver\u00f6ffentlichung im Herbst freuen, oder?<\/p>\n","protected":false},"excerpt":{"rendered":"<p>Von Matthias Bosenick (29.05.2024) Das ging schnell: Kaum ein Jahr nach dem Deb\u00fct \u201ePiccolo Dizionario Di Parole Fraintese\u201c gibt\u2019s von Les Longs Adieux schon den Nachfolger \u201eVertigo\u201c. Darauf befasst sich das Duo aus Rom mit den Folgen der Anschl\u00e4ge auf &hellip; <a href=\"https:\/\/vanbauseneick.de\/krautnick\/les-longs-adieux-vertigo-les-longs-adieux-2024\/\">Weiterlesen <span class=\"meta-nav\">&rarr;<\/span><\/a><\/p>\n","protected":false},"author":1,"featured_media":0,"comment_status":"closed","ping_status":"closed","sticky":false,"template":"","format":"standard","meta":{"footnotes":""},"categories":[3],"tags":[],"class_list":["post-6386","post","type-post","status-publish","format-standard","hentry","category-album"],"_links":{"self":[{"href":"https:\/\/vanbauseneick.de\/krautnick\/wp-json\/wp\/v2\/posts\/6386","targetHints":{"allow":["GET"]}}],"collection":[{"href":"https:\/\/vanbauseneick.de\/krautnick\/wp-json\/wp\/v2\/posts"}],"about":[{"href":"https:\/\/vanbauseneick.de\/krautnick\/wp-json\/wp\/v2\/types\/post"}],"author":[{"embeddable":true,"href":"https:\/\/vanbauseneick.de\/krautnick\/wp-json\/wp\/v2\/users\/1"}],"replies":[{"embeddable":true,"href":"https:\/\/vanbauseneick.de\/krautnick\/wp-json\/wp\/v2\/comments?post=6386"}],"version-history":[{"count":1,"href":"https:\/\/vanbauseneick.de\/krautnick\/wp-json\/wp\/v2\/posts\/6386\/revisions"}],"predecessor-version":[{"id":6388,"href":"https:\/\/vanbauseneick.de\/krautnick\/wp-json\/wp\/v2\/posts\/6386\/revisions\/6388"}],"wp:attachment":[{"href":"https:\/\/vanbauseneick.de\/krautnick\/wp-json\/wp\/v2\/media?parent=6386"}],"wp:term":[{"taxonomy":"category","embeddable":true,"href":"https:\/\/vanbauseneick.de\/krautnick\/wp-json\/wp\/v2\/categories?post=6386"},{"taxonomy":"post_tag","embeddable":true,"href":"https:\/\/vanbauseneick.de\/krautnick\/wp-json\/wp\/v2\/tags?post=6386"}],"curies":[{"name":"wp","href":"https:\/\/api.w.org\/{rel}","templated":true}]}}