{"id":4445,"date":"2022-08-15T21:18:07","date_gmt":"2022-08-15T19:18:07","guid":{"rendered":"http:\/\/vanbauseneick.de\/krautnick\/?p=4445"},"modified":"2022-08-15T21:18:07","modified_gmt":"2022-08-15T19:18:07","slug":"dan-scary-reden-ist-quecksilber-und-schweigen-auch-nur-gift-dan-scary-2021","status":"publish","type":"post","link":"https:\/\/vanbauseneick.de\/krautnick\/dan-scary-reden-ist-quecksilber-und-schweigen-auch-nur-gift-dan-scary-2021\/","title":{"rendered":"Dan Scary \u2013 Reden ist Quecksilber und Schweigen auch nur Gift \u2013 Dan Scary 2021"},"content":{"rendered":"<div class=\"wp-block-image\">\n<figure class=\"alignleft size-full\"><a href=\"http:\/\/vanbauseneick.de\/krautnick\/wp-content\/uploads\/2022\/08\/Dan-Scary-Reden-ist-Quecksilber-und-Schweigen-auch-nur-Gift.jpg\"><img loading=\"lazy\" decoding=\"async\" width=\"111\" height=\"111\" src=\"http:\/\/vanbauseneick.de\/krautnick\/wp-content\/uploads\/2022\/08\/Dan-Scary-Reden-ist-Quecksilber-und-Schweigen-auch-nur-Gift.jpg\" alt=\"\" class=\"wp-image-4446\"\/><\/a><\/figure>\n<\/div>\n\n\n<p>Von Matthias Bosenick (15.08.2022)<br><br>Der Wolfsburger Daniel Url macht es andersherum als etwa Alice Cooper oder Nena: Aus dem jahrelang als Ein-Mann-Projekt gef\u00fchrten Dan Scary macht er die Band Dan Scary. Mit Bassist Christian Schwarz, bei dem es sich sogar um einen R\u00fcckkehrer handelt, und Schlagzeuger Boxa\/Boxer Wagner bekommt der nach vorn treibende Punkrock einen Extraschub. Unfassbar, welche Dynamik da pl\u00f6tzlich hervortritt! Nachzuh\u00f6ren auf der bereits im vergangenen Jahr erschienen EP \u201eReden ist Quecksilber und Schweigen auch nur Gift\u201c mit vier Songs, die dem urspr\u00fcnglichen D\u00fcsterpunk Dan Scarys eine m\u00e4chtige Portion Groove hinzuf\u00fcgen.<\/p>\n\n\n\n<!--more-->\n\n\n\n<p>Punkrock ist das auf der EP nat\u00fcrlich zuvorderst, das D\u00fcstere liegt nunmehr vielmehr in den Texten als im Sound, auch wenn \u201eRegen\u201c mit dem dunklen Synthiesound die alte Tradition noch am ehesten transportiert. Aber es macht einen erheblichen Unterschied, ob die Drums von einem programmierten Schlagzeuger kommen \u2013 nichts gegen Urls Programmierkunst, seiner Solo-Mucke wohnte damit immer ein angenehmer Gothic-Geist inne \u2013 oder von jemandem, der mit Spielfreude, Spontaneit\u00e4t und einem variantenreichen Drumming zu Werke geht. Und dann dieser Bass, der groovt, als w\u00e4re er den Faith No More der Neunziger entnommen. Was ein Sound! Ist das noch Punkrock? Definitiv!<br><br>Tats\u00e4chlich finden sich fragmentarisch solche Neunziger-Indierock-Elemente jetzt im Sound der Gruppe Dan Scary, mit ausgew\u00e4hlten Pixies-Rhythmen, wavigen Fields-Of-The-Nephilim-Momenten oder eben funky Bassl\u00e4ufen, aber immer nur kurz in den Punkrock eingebettet, als Br\u00fccke, als Mehrwert, der das klassische Uptempo der Punkrocksongs unterbricht und ihnen eine abwechslungsreiche W\u00fcrze verleiht. Punkrock bleibt es trotzdem, nur eben interessanterer. Dazu kommen die Texte, die sich mit dem aktuellen Zeitgeschehen befassen, mit Konsum- und Kapitalismuskritik, gesellschaftlichen Irrl\u00e4ufern, unsch\u00f6nen Beobachtungen aus dem Alltag. Hauptsongschreiber Url hat wie gewohnt ein H\u00e4ndchen f\u00fcr Ohrw\u00fcrmer, die vier Songs bleiben schon beim ersten H\u00f6ren h\u00e4ngen.<br><br>Damit ist die Bandwerdung von Dan Scary gegl\u00fcckt. Interessant ist, dass es sich bei Christian Schwarz sogar um einen R\u00fcckkehrer handelt, denn mit ihm gr\u00fcndete Url Dan Scary 2013 noch als Akustik-Punk-Duo. Der Bassist stieg aufgrund anderer Verpflichtungen kurz darauf aus und Url machte aus Dan Scary das bekannte D\u00fcsterpunk-Projekt. Bis 2019, als Schwarz und Url sich erneut \u00fcber den Weg liefen und zusammentaten, um Dan Scary mit dem groovenden Bass zun\u00e4chst live eine neue Ebene zu verleihen und sich dann an die Aufnahmen zu einem ersten gemeinsamen Album machten. Diese unterbrachen sie offenbar, jedenfalls ist davon nichts mehr zu lesen. Pl\u00f6tzlich stand dann Boxer vor der T\u00fcr und begehrte um Einlass; Url kannte den sp\u00e4teren Drummer von Ichfunktion, einer noch zu DDR-Zeiten gestarteten Ost-Berliner Punkgr\u00f6\u00dfe, sowie deren Nebenprojekt HAF alias Hans am Felsen, mit denen er mit seiner vorherigen Band VEB bereits B\u00fchnen teilte, und Schwarz musiziert mit ihm ohnehin sowieso bereits herum, also fand sich zusammen, was zusammen geh\u00f6rt. Und legt nun diese EP vor.<br><br>Mittlerweile arbeitet das Trio Dan Scary an neuen Aufnahmen, im Internet zu h\u00f6ren sind bereits \u201eNervenbahnenstagnation\u201c und \u201eGerman Angst\u201c. Au\u00dferdem bereitet sich die Dan Scary Group auf ihren zehnten Geburtstag im Jahre 2023 vor. Liveg\u00e4ste \u00fcberdies bescheinigen dem angewachsenen Projekt einen erheblichen Energiezuwachs, und der schl\u00e4gt sich auch auf dieser EP nieder.<\/p>\n","protected":false},"excerpt":{"rendered":"<p>Von Matthias Bosenick (15.08.2022) Der Wolfsburger Daniel Url macht es andersherum als etwa Alice Cooper oder Nena: Aus dem jahrelang als Ein-Mann-Projekt gef\u00fchrten Dan Scary macht er die Band Dan Scary. Mit Bassist Christian Schwarz, bei dem es sich sogar &hellip; <a href=\"https:\/\/vanbauseneick.de\/krautnick\/dan-scary-reden-ist-quecksilber-und-schweigen-auch-nur-gift-dan-scary-2021\/\">Weiterlesen <span class=\"meta-nav\">&rarr;<\/span><\/a><\/p>\n","protected":false},"author":1,"featured_media":0,"comment_status":"closed","ping_status":"closed","sticky":false,"template":"","format":"standard","meta":{"footnotes":""},"categories":[8],"tags":[],"class_list":["post-4445","post","type-post","status-publish","format-standard","hentry","category-maxi-cd-ep"],"_links":{"self":[{"href":"https:\/\/vanbauseneick.de\/krautnick\/wp-json\/wp\/v2\/posts\/4445","targetHints":{"allow":["GET"]}}],"collection":[{"href":"https:\/\/vanbauseneick.de\/krautnick\/wp-json\/wp\/v2\/posts"}],"about":[{"href":"https:\/\/vanbauseneick.de\/krautnick\/wp-json\/wp\/v2\/types\/post"}],"author":[{"embeddable":true,"href":"https:\/\/vanbauseneick.de\/krautnick\/wp-json\/wp\/v2\/users\/1"}],"replies":[{"embeddable":true,"href":"https:\/\/vanbauseneick.de\/krautnick\/wp-json\/wp\/v2\/comments?post=4445"}],"version-history":[{"count":1,"href":"https:\/\/vanbauseneick.de\/krautnick\/wp-json\/wp\/v2\/posts\/4445\/revisions"}],"predecessor-version":[{"id":4447,"href":"https:\/\/vanbauseneick.de\/krautnick\/wp-json\/wp\/v2\/posts\/4445\/revisions\/4447"}],"wp:attachment":[{"href":"https:\/\/vanbauseneick.de\/krautnick\/wp-json\/wp\/v2\/media?parent=4445"}],"wp:term":[{"taxonomy":"category","embeddable":true,"href":"https:\/\/vanbauseneick.de\/krautnick\/wp-json\/wp\/v2\/categories?post=4445"},{"taxonomy":"post_tag","embeddable":true,"href":"https:\/\/vanbauseneick.de\/krautnick\/wp-json\/wp\/v2\/tags?post=4445"}],"curies":[{"name":"wp","href":"https:\/\/api.w.org\/{rel}","templated":true}]}}