{"id":4162,"date":"2022-03-11T20:51:34","date_gmt":"2022-03-11T19:51:34","guid":{"rendered":"https:\/\/vanbauseneick.de\/krautnick\/?p=4162"},"modified":"2022-03-11T20:51:34","modified_gmt":"2022-03-11T19:51:34","slug":"tocotronic-nie-wieder-krieg-vertigo-berlin-2022","status":"publish","type":"post","link":"https:\/\/vanbauseneick.de\/krautnick\/tocotronic-nie-wieder-krieg-vertigo-berlin-2022\/","title":{"rendered":"Tocotronic \u2013 Nie wieder Krieg \u2013 Vertigo Berlin 2022"},"content":{"rendered":"\n<div class=\"wp-block-image\"><figure class=\"alignleft size-full\"><a href=\"https:\/\/vanbauseneick.de\/krautnick\/wp-content\/uploads\/2022\/03\/Tocotronic-Nie-wieder-Krieg.jpg\"><img loading=\"lazy\" decoding=\"async\" width=\"111\" height=\"111\" src=\"https:\/\/vanbauseneick.de\/krautnick\/wp-content\/uploads\/2022\/03\/Tocotronic-Nie-wieder-Krieg.jpg\" alt=\"\" class=\"wp-image-4163\"\/><\/a><\/figure><\/div>\n\n\n\n<p>Von Guido D\u00f6rheide (10.03.2022) <br><br>Ich wei\u00df nicht, wieso ich Euch so hasse, Fahrradfahrer dieser Stadt. Daf\u00fcr und f\u00fcr so viele andere Textzeilen habe ich Tocotronic in den 90ern gefeiert, als g\u00e4be es kein Morgen. Nach dem ersten selbstbetitelten Album (Tocotronic \u2013 das wei\u00dfe Album, 2002) und sp\u00e4testens nach \u201ePure Vernunft darf niemals siegen\u201c (2005) habe ich dann gedacht, jetzt kann ich mit deren Stil nicht mehr so recht was anfangen, und habe die Band komplett aus den Augen verloren.<\/p>\n\n\n\n<!--more-->\n\n\n\n<p>Mit \u201eJugend ohne Gott gegen Faschismus\u201c haben mich Tocotronic jetzt zur\u00fcckgeholt ins Lager ihrer Fans. Was f\u00fcr ein Song \u2013 sowohl textlich als auch musikalisch ein ziemlicher Monolith des gehobenen Indie-Rocks (this one goes out to the Oberstudienrat \u2013 wie bereits per SMS angek\u00fcndigt \u2013 danke f\u00fcr dieses tolle und pers\u00f6nliche Geschenk!).<\/p>\n\n\n\n<p>Musikalisch haben Tocotronic nicht mehr viel von ihren kratzig-schrammeligen LoFi-Anf\u00e4ngen, aber \u2013 und das h\u00e4tte ich nicht gedacht \u2013 sie sind immer noch als typisch Tocotronic (\u201eTockotrrronitsch\u201c \u2013 wie Herr van Bauseneick sie immer unnachahmlich ausspricht) zu erkennen. Ja, klar, es kracht und kratzt nicht mehr wie weiland in den 90ern, daf\u00fcr jingelt und jangelt es, bisweilen schrammelt es, die Melodien sind einfach, effektvoll und bisweilen hypnotisch geraten, und erfreulich manchmal orientiert sich die Gitarrenarbeit am John Martin Maher der 80er Jahre.<br><br>Und textlich wird keine Peinlichkeit ausgelassen, ohne dabei peinlich zu werden. Mal ehrlich: \u201eNie wieder Krieg, keine Verletzung mehr, nie wieder Krieg, das ist doch nicht so schwer\u201c \u2013 kann man sowas singen (au\u00dferhalb der Weihnachtsb\u00e4ckerei), ohne dass es peinlich, Verzeihung: saupeinlich wird? Ja. Man kann! Ich wei\u00df nicht, wie, aber der Text des titelgebendenden Albumopeners funktioniert. \u201eKomm mit in meine freie Welt\u201c ist noch einen Tacken besser \u2013 jede Strophe beschreibt die absolute selbstgemachte Unfreiheit und man wei\u00df nicht, warum der\/die H\u00f6rende im Refrain aufgefordert wird, mit in die freie Welt des Ich-Erz\u00e4hlers zu kommen \u2013 geil! Und wie schon geschrieben, mit \u201eJugend ohne Gott gegen Faschismus\u201c haben mich Dirk, Arne, Jan und Rick dann endg\u00fcltig wieder auf ihre Seite gezogen. Der Titel spielt mit \u201eYouth Against Fascism\u201c (1992) von Sonic Youth, der Song klingt komplett anders und haut trotzdem in eine \u00e4hnliche Kerbe, triggert dieselben Synapsen oder wasauchimmer.<br><br>Textlich gibt es ohnehin viel zu entdecken und viel zum Schmunzeln. \u201eIch gehe unter\u201c hei\u00dft ein St\u00fcck, und im Text hei\u00dft es: \u201eIch gehe unter ferner liefen in die Geschichte ein\u201c. Gro\u00df. Das macht vergessen, dass manche St\u00fccke (wie z.B. \u201eLiebe\u201c) eher schei\u00dfe sind und unter ferner liefen in die Geschichte der gr\u00f6\u00dften Tocotronic-St\u00fccke eingehen werden.<\/p>\n\n\n\n<p>[Anmerkung von van Bauseneick] Von der &#8222;serbischen Band Tocotroni\u010d&#8220; sprachen Stermann und Grissemann vor \u00fcber 20 Jahren auf FM4, von ihnen hab ich das geklaut.<\/p>\n","protected":false},"excerpt":{"rendered":"<p>Von Guido D\u00f6rheide (10.03.2022) Ich wei\u00df nicht, wieso ich Euch so hasse, Fahrradfahrer dieser Stadt. Daf\u00fcr und f\u00fcr so viele andere Textzeilen habe ich Tocotronic in den 90ern gefeiert, als g\u00e4be es kein Morgen. Nach dem ersten selbstbetitelten Album (Tocotronic &hellip; <a href=\"https:\/\/vanbauseneick.de\/krautnick\/tocotronic-nie-wieder-krieg-vertigo-berlin-2022\/\">Weiterlesen <span class=\"meta-nav\">&rarr;<\/span><\/a><\/p>\n","protected":false},"author":1,"featured_media":0,"comment_status":"closed","ping_status":"closed","sticky":false,"template":"","format":"standard","meta":{"footnotes":""},"categories":[3],"tags":[],"class_list":["post-4162","post","type-post","status-publish","format-standard","hentry","category-album"],"_links":{"self":[{"href":"https:\/\/vanbauseneick.de\/krautnick\/wp-json\/wp\/v2\/posts\/4162","targetHints":{"allow":["GET"]}}],"collection":[{"href":"https:\/\/vanbauseneick.de\/krautnick\/wp-json\/wp\/v2\/posts"}],"about":[{"href":"https:\/\/vanbauseneick.de\/krautnick\/wp-json\/wp\/v2\/types\/post"}],"author":[{"embeddable":true,"href":"https:\/\/vanbauseneick.de\/krautnick\/wp-json\/wp\/v2\/users\/1"}],"replies":[{"embeddable":true,"href":"https:\/\/vanbauseneick.de\/krautnick\/wp-json\/wp\/v2\/comments?post=4162"}],"version-history":[{"count":1,"href":"https:\/\/vanbauseneick.de\/krautnick\/wp-json\/wp\/v2\/posts\/4162\/revisions"}],"predecessor-version":[{"id":4164,"href":"https:\/\/vanbauseneick.de\/krautnick\/wp-json\/wp\/v2\/posts\/4162\/revisions\/4164"}],"wp:attachment":[{"href":"https:\/\/vanbauseneick.de\/krautnick\/wp-json\/wp\/v2\/media?parent=4162"}],"wp:term":[{"taxonomy":"category","embeddable":true,"href":"https:\/\/vanbauseneick.de\/krautnick\/wp-json\/wp\/v2\/categories?post=4162"},{"taxonomy":"post_tag","embeddable":true,"href":"https:\/\/vanbauseneick.de\/krautnick\/wp-json\/wp\/v2\/tags?post=4162"}],"curies":[{"name":"wp","href":"https:\/\/api.w.org\/{rel}","templated":true}]}}