{"id":2914,"date":"2019-04-12T15:47:09","date_gmt":"2019-04-12T13:47:09","guid":{"rendered":"http:\/\/vanbauseneick.de\/krautnick\/?p=2914"},"modified":"2019-04-17T10:44:10","modified_gmt":"2019-04-17T08:44:10","slug":"cameraoscura-quod-est-inferius-toten-schwan-records-2019","status":"publish","type":"post","link":"https:\/\/vanbauseneick.de\/krautnick\/cameraoscura-quod-est-inferius-toten-schwan-records-2019\/","title":{"rendered":"Cameraoscura \u2013 Quod est inferius \u2013 Toten Schwan Records 2019"},"content":{"rendered":"<p><img loading=\"lazy\" decoding=\"async\" class=\"alignnone wp-image-2915 size-full\" title=\"Cameraoscura - Quod est inferius\" src=\"http:\/\/vanbauseneick.de\/krautnick\/wp-content\/uploads\/2019\/04\/Cameraoscura-Quod-est-inferius.jpg\" alt=\"\" width=\"124\" height=\"110\" \/><\/p>\n<p>Von Matthias Bosenick (12.04.2019)<\/p>\n<p>Das Vorhaben darf man als erfolgreich gescheitert betrachten: Besonders evil und dark und gruselig und b\u00f6se erscheinen will das Duo Cameraoscura mit seinem Deb\u00fctalbum \u201eQuod est inferius\u201c \u2013 und dann entpuppt sich deren Drone-Industrial als so wundersch\u00f6n harmonisch, dass man es sich beinahe im Radio gespielt imaginieren mag. Damit entfernen sich die beiden Musiker von dem Klischee, das sie rein \u00fcber die gruftigen visuellen Anteile des Albums selbst initiierten, und bieten vielmehr etwas Eigenes, indem sie L\u00e4rm und Sch\u00f6nheit in dieser \u00fcberraschenden Weise eing\u00e4ngig verquicken. Will man dringend \u00f6fter h\u00f6ren.<\/p>\n<p><!--more-->Das Cover sieht beinahe nach irgendwelchem schwarzgemalten Metal aus, bestenfalls nach einer tiefergelegten Schublade aus dem Gothicrock-Bereich, doch trifft beides nicht einmal ansatzweise zu. Die Grundierung ist elektronisch: Marco Valenti aus La Spezia, Betreiber des zust\u00e4ndigen Labels Toten Schwan sowie des Fanzines Tritacarne, und Eugenio Mazza aus Mailand, Mitglied bei Pavor Nocturnus und Sognomeccanico, tauschten sich \u00fcber den Apennin ihre Soundfiles und Loops hin und her und stellten alsbald fest, dass sie damit mehr als nur Skizzen generierten. Daraus erwuchs das Projekt Cameraoscura mit diesem Konzeptalbum als Deb\u00fct.<\/p>\n<p>Denn \u201eQuod est inferius\u201c, also \u201eWas darunter liegt\u201c, befasst sich mit der Hermetik, also einer Form von Alchimie, die aus antiker bis fr\u00fchkirchlicher Zeit in die heutige Esoterik schwappte. Als eine Art alchimistischer Prozess mischen Cameraoscura gel\u00f6ste und geschmolzene Kl\u00e4nge, wie sie selbst sagen, und transmutieren sie in eine musikalische Manifestation, die ins auch auf dem Cover symbolisierte klassisch okkultistische Chaos m\u00fcnden soll. Je nun: Das misslingt, und das ist gut so. Die Musik ist alles andere als Chaos, trotz der tats\u00e4chlich vorhandenen rauhen und st\u00f6renden Sounds mit entsprechenden Beats, die noch am ehesten dem Industrial zuzuordnen sind, wo nicht dem Drone-Ambient. Doch geben Valenti und Mazza diesem Granulat eben etwas Geschmolzenes bei, und das sind beinahe liebliche Melodien, die \u00fcber allem schweben. So entsteht ein Spannungsfeld aus Dunkelheit und Licht, in dessen Grenzbereich das Neue entsteht.<\/p>\n<p>Man mag nicht gleich von Dante sprechen oder vom Acheron, aber das Album ger\u00e4t in einen Fluss, in dem jeder Track den n\u00e4chsten vorbereitet und auf dem man sehenden Auges und h\u00f6renden Ohres in den Mahlstrom gesogen wird. Die Musik greift also das Prozessartige dieses alchimistischen Vorgangs auf und generiert einen Spannungsbogen; man muss gezwungenerma\u00dfen das Wort Konzeptalbum fallen lassen. Und es ist wundersch\u00f6n, im Dunkeln liegt das Schillern, das Rauhe birgt W\u00e4rme, aus der Zerst\u00f6rung erw\u00e4chst Sch\u00f6nheit. Ist das nicht gruftig? Ja, das ist nicht gruftig.<\/p>\n<p>\u201eQuod est inferius\u201c gibt es auf der Bandcamp-Seite als Gratis-Download, auf CD sowie auf Kassette. Weitere Tracks verstreuen Mazza und Valenti \u00fcbrigens auf diversen Samplern, darunter \u201eForest Of Thorns\u201c.<\/p>\n","protected":false},"excerpt":{"rendered":"<p>Von Matthias Bosenick (12.04.2019) Das Vorhaben darf man als erfolgreich gescheitert betrachten: Besonders evil und dark und gruselig und b\u00f6se erscheinen will das Duo Cameraoscura mit seinem Deb\u00fctalbum \u201eQuod est inferius\u201c \u2013 und dann entpuppt sich deren Drone-Industrial als so &hellip; <a href=\"https:\/\/vanbauseneick.de\/krautnick\/cameraoscura-quod-est-inferius-toten-schwan-records-2019\/\">Weiterlesen <span class=\"meta-nav\">&rarr;<\/span><\/a><\/p>\n","protected":false},"author":1,"featured_media":2915,"comment_status":"closed","ping_status":"closed","sticky":false,"template":"","format":"standard","meta":{"footnotes":""},"categories":[3],"tags":[],"class_list":["post-2914","post","type-post","status-publish","format-standard","has-post-thumbnail","hentry","category-album"],"_links":{"self":[{"href":"https:\/\/vanbauseneick.de\/krautnick\/wp-json\/wp\/v2\/posts\/2914","targetHints":{"allow":["GET"]}}],"collection":[{"href":"https:\/\/vanbauseneick.de\/krautnick\/wp-json\/wp\/v2\/posts"}],"about":[{"href":"https:\/\/vanbauseneick.de\/krautnick\/wp-json\/wp\/v2\/types\/post"}],"author":[{"embeddable":true,"href":"https:\/\/vanbauseneick.de\/krautnick\/wp-json\/wp\/v2\/users\/1"}],"replies":[{"embeddable":true,"href":"https:\/\/vanbauseneick.de\/krautnick\/wp-json\/wp\/v2\/comments?post=2914"}],"version-history":[{"count":2,"href":"https:\/\/vanbauseneick.de\/krautnick\/wp-json\/wp\/v2\/posts\/2914\/revisions"}],"predecessor-version":[{"id":2921,"href":"https:\/\/vanbauseneick.de\/krautnick\/wp-json\/wp\/v2\/posts\/2914\/revisions\/2921"}],"wp:featuredmedia":[{"embeddable":true,"href":"https:\/\/vanbauseneick.de\/krautnick\/wp-json\/wp\/v2\/media\/2915"}],"wp:attachment":[{"href":"https:\/\/vanbauseneick.de\/krautnick\/wp-json\/wp\/v2\/media?parent=2914"}],"wp:term":[{"taxonomy":"category","embeddable":true,"href":"https:\/\/vanbauseneick.de\/krautnick\/wp-json\/wp\/v2\/categories?post=2914"},{"taxonomy":"post_tag","embeddable":true,"href":"https:\/\/vanbauseneick.de\/krautnick\/wp-json\/wp\/v2\/tags?post=2914"}],"curies":[{"name":"wp","href":"https:\/\/api.w.org\/{rel}","templated":true}]}}