{"id":2006,"date":"2016-10-01T12:07:17","date_gmt":"2016-10-01T10:07:17","guid":{"rendered":"http:\/\/vanbauseneick.de\/krautnick\/?p=2006"},"modified":"2016-10-01T12:07:37","modified_gmt":"2016-10-01T10:07:37","slug":"myrkur-mausoleum-relapse-records-2016","status":"publish","type":"post","link":"https:\/\/vanbauseneick.de\/krautnick\/myrkur-mausoleum-relapse-records-2016\/","title":{"rendered":"Myrkur \u2013 Mausoleum \u2013 Relapse Records 2016"},"content":{"rendered":"<p><a href=\"http:\/\/vanbauseneick.de\/krautnick\/wp-content\/uploads\/2016\/10\/Myrkur-Mausoleum.jpg\"><img loading=\"lazy\" decoding=\"async\" class=\"alignnone size-full wp-image-2007\" title=\"Myrkur - Mausoleum\" src=\"http:\/\/vanbauseneick.de\/krautnick\/wp-content\/uploads\/2016\/10\/Myrkur-Mausoleum.jpg\" alt=\"\" width=\"100\" height=\"100\" \/><\/a><\/p>\n<p><span style=\"font-family: Arial,sans-serif;\">Von Matthias Bosenick (01.10.2016)<\/span><\/p>\n<p><span style=\"font-family: Arial,sans-serif;\">Ach, dieser Metal, und dann auch noch der Schwarze! Amalie Bruun bringt ihr drittes Werk heraus, das sie unter dem Namen Myrkur in den Black Metal einsortiert. Daf\u00fcr bekommt sie aus der Ecke jener Fans ordentlich Schelte, weil ihre Musik nicht dem klassischen Wesen des Genres entspricht, aber daf\u00fcr umso mehr Aufmerksamkeit von aufgeschlossenen Leuten. In einem Osloer \u201eMausoleum\u201c nun nahm die D\u00e4nin mit dem isl\u00e4ndischen Namen (Dunkelheit) unter Zuhilfenahme eines Pianos und eines Kinderchores eine EP live auf. Sakral, folkloristisch, besinnlich, sch\u00f6n.<\/span><\/p>\n<p><!--more--><\/p>\n<p><span style=\"font-family: Arial,sans-serif;\">Das hier ist nicht nur vom Black Metal weit entfernt, sondern vom Metal \u00fcberhaupt. Indes, es gibt diese Tendenz schon seit geraumer Zeit, das Genre in Richtungen zu erweitern, die v\u00f6llig neue Horizonte erschlie\u00dfen. Dazu tragen unter anderem Bands wie Ulver und Alcest bei. Ulvers Ex-Gitarrist H\u00e5vard J\u00f8rgensen ist an dieser EP beteiligt; man h\u00f6rt seine Akustikklampfe unter anderem beim kompositorisch vielschichtigen \u201eDen lille piges d\u00f8d\u201c, einer Single, die auf keinem Album erschien, und auf \u201eFrosne vind\u201c von der Deb\u00fct-EP \u201eMyrkur\u201c. Das abschlie\u00dfende \u201eDybt i skoven\u201c, beinahe ein Popsong, ist \u00fcbrigens als einziges Lied auf allen drei Myrkur-Ver\u00f6ffentlichungen enthalten.<\/span><\/p>\n<p><span style=\"font-family: Arial,sans-serif;\">Im Zentrum steht ganz klar der Gesang. Bruun treibt ihre klare Stimme in himmlische H\u00f6hen und l\u00e4sst sich von einem norwegischen M\u00e4dchenchor begleiten, \u201eDet Norske Jentekor\u201c. Mit diesem Chor setzt sie auch jene St\u00fccke ihres Albums \u201eM\u201c um, die am weitesten vom Metal entfernt liegen, weil sie n\u00e4mlich eben nur aus Chorgesang bestehen. Mit dem Echo des Emanuel-Vigeland-Mausoleums kommt so eine beinahe weihnachtliche Besinnlichkeit auf. Das zweitwichtigste Instrument auf dieser EP ist das Piano, mit dem Bruun sich selbst begleitet. Beinahe dicht klingt \u201eOnde b\u00f8rn\u201c, an dem Chor, Gitarre und Piano beteiligt sind. Irgendwo von Ferne winkt Loreena McKennitt her\u00fcber. Au\u00dferdem covert Bruun ihre Lieblingsband Bathory mit \u201eSong To Hall Up High\u201c.<\/span><\/p>\n<p><span style=\"font-family: Arial,sans-serif;\">Die einzige Referenz an das Genre sind wohl die Texte, die dem harmonisch-spirituellen Klang entgegenstehen: \u201eDer Tod des kleinen M\u00e4dchens\u201c, \u201eDie Hure soll sterben\u201c, \u201eB\u00f6ses Kind\u201c. Da die Texte indes auf D\u00e4nisch sind, kann man da als Nichtsprecher der Sprache angenehm dr\u00fcber hinwegh\u00f6ren und sich der Illusion des rein Sch\u00f6nen hingeben. Auch die G\u00e4ste des Konzertes, das dieser EP zugrundeliegt, applaudieren lang \u2013 mit Recht.<\/span><\/p>\n<p><span style=\"font-family: Arial,sans-serif;\">Das Vinyl gibt\u2019s in verschiedenen limitierten Ausf\u00fchrungen; in Nichtschwarz sind dies Wei\u00df und Transparent, beide sind bereits ausverkauft. Auch auf CD und als Download ist die EP zu haben.<\/span><\/p>\n","protected":false},"excerpt":{"rendered":"<p>Von Matthias Bosenick (01.10.2016) Ach, dieser Metal, und dann auch noch der Schwarze! Amalie Bruun bringt ihr drittes Werk heraus, das sie unter dem Namen Myrkur in den Black Metal einsortiert. Daf\u00fcr bekommt sie aus der Ecke jener Fans ordentlich &hellip; <a href=\"https:\/\/vanbauseneick.de\/krautnick\/myrkur-mausoleum-relapse-records-2016\/\">Weiterlesen <span class=\"meta-nav\">&rarr;<\/span><\/a><\/p>\n","protected":false},"author":1,"featured_media":2007,"comment_status":"closed","ping_status":"closed","sticky":false,"template":"","format":"standard","meta":{"footnotes":""},"categories":[3,16],"tags":[],"class_list":["post-2006","post","type-post","status-publish","format-standard","has-post-thumbnail","hentry","category-album","category-vinyl"],"_links":{"self":[{"href":"https:\/\/vanbauseneick.de\/krautnick\/wp-json\/wp\/v2\/posts\/2006","targetHints":{"allow":["GET"]}}],"collection":[{"href":"https:\/\/vanbauseneick.de\/krautnick\/wp-json\/wp\/v2\/posts"}],"about":[{"href":"https:\/\/vanbauseneick.de\/krautnick\/wp-json\/wp\/v2\/types\/post"}],"author":[{"embeddable":true,"href":"https:\/\/vanbauseneick.de\/krautnick\/wp-json\/wp\/v2\/users\/1"}],"replies":[{"embeddable":true,"href":"https:\/\/vanbauseneick.de\/krautnick\/wp-json\/wp\/v2\/comments?post=2006"}],"version-history":[{"count":2,"href":"https:\/\/vanbauseneick.de\/krautnick\/wp-json\/wp\/v2\/posts\/2006\/revisions"}],"predecessor-version":[{"id":2009,"href":"https:\/\/vanbauseneick.de\/krautnick\/wp-json\/wp\/v2\/posts\/2006\/revisions\/2009"}],"wp:featuredmedia":[{"embeddable":true,"href":"https:\/\/vanbauseneick.de\/krautnick\/wp-json\/wp\/v2\/media\/2007"}],"wp:attachment":[{"href":"https:\/\/vanbauseneick.de\/krautnick\/wp-json\/wp\/v2\/media?parent=2006"}],"wp:term":[{"taxonomy":"category","embeddable":true,"href":"https:\/\/vanbauseneick.de\/krautnick\/wp-json\/wp\/v2\/categories?post=2006"},{"taxonomy":"post_tag","embeddable":true,"href":"https:\/\/vanbauseneick.de\/krautnick\/wp-json\/wp\/v2\/tags?post=2006"}],"curies":[{"name":"wp","href":"https:\/\/api.w.org\/{rel}","templated":true}]}}