{"id":1571,"date":"2015-11-16T20:29:52","date_gmt":"2015-11-16T19:29:52","guid":{"rendered":"http:\/\/vanbauseneick.de\/krautnick\/?p=1571"},"modified":"2015-11-19T15:38:08","modified_gmt":"2015-11-19T14:38:08","slug":"axel-klingenberg-das-wird-man-ja-wohl-noch-sagen-durfen-verlag-andreas-reiffer-2015","status":"publish","type":"post","link":"https:\/\/vanbauseneick.de\/krautnick\/axel-klingenberg-das-wird-man-ja-wohl-noch-sagen-durfen-verlag-andreas-reiffer-2015\/","title":{"rendered":"Axel Klingenberg \u2013 Das wird man ja wohl noch sagen d\u00fcrfen! \u2013 Verlag Andreas Reiffer 2015"},"content":{"rendered":"<p><img loading=\"lazy\" decoding=\"async\" class=\"alignnone size-full wp-image-1572\" title=\"Axel Klingenberg - Das wird man ja wohl noch sagen d\u00fcrfen!\" src=\"http:\/\/vanbauseneick.de\/krautnick\/wp-content\/uploads\/2015\/11\/Axel-Klingenberg-Das-wird-man-ja-wohl-noch-sagen-d\u00fcrfen.jpg\" alt=\"\" width=\"100\" height=\"160\" \/><\/p>\n<p>Von Matthias Bosenick (16.11.2015) \/ Auch ver\u00f6ffentlicht auf <a title=\"Kult-Tour\" href=\"http:\/\/www.kult-tour-bs.de\/10109-2\/\" target=\"_blank\">Kult-Tour\u00a0\u2013 Der Stadtblog<\/a><\/p>\n<p>\u201eWie Deutschland verbl\u00f6det\u201c, lautet der Untertitel zu Axel Klingenbergs neuer Schrift \u201eDas wird man ja wohl noch sagen d\u00fcrfen!\u201c. Das geht an der Intention dieses B\u00fcchleins allerdings vorbei: Hier geht es nicht ums schlichte Bl\u00f6dsein, sondern darum, dass Rechtssein immer normaler wird. Dem liegt zwar sicherlich ein gewisser Bildungsmangel zugrunde, aber das eher in der vermeintlich breiten Masse; Klingenberg findet Rechtssein jedoch vornehmlich bei \u2013 nun \u2013 Intellektuellen. Und schon ist man mittendrin in der Diskussion, die der Autor mit diesem Buch auch befeuern will. Keine leichte Aufgabe und sehr d\u00fcnnes Eis, auch aus Punksicht. Doch Klingenberg entlarvt die hetzerische Rhetorik schl\u00fcssig und entschl\u00fcsselt das, was die Redner tats\u00e4chlich damit sagen.<\/p>\n<p><!--more--><\/p>\n<p>Fremdenfeindlichkeit, Rassismus, Faschismus und anderes menschenverachtendes Gedankengut hat seit einiger Zeit die Tendenz, sich zu tarnen. Waren fr\u00fcher Slogans wie \u201eAusl\u00e4nder raus\u201c noch einfach zuzuordnen, denken die Hetzer der rechten Lager heute mehrfach um die Ecke, um ihre perfiden Parolen selbst solchen Leuten schmackhaft zu machen, die sich f\u00fcr liberal oder gar links halten. In seinem Buch sammelt Klingenberg popul\u00e4re und hinterh\u00e4ltige Texte jener Rechtspopulisten und zieht das jeweilige rhetorische Tarnnetz beiseite.<\/p>\n<p>Leichte Ziele sind AfD, Hogesa und Pegida, klare Gegner die Bild, Thilo Sarrazin und Akif Pirin\u00e7ci. An denen h\u00e4lt Klingenberg sich daher gar nicht so lang auf, denn es gibt Subtileres aufzudecken. Er schie\u00dft sich fast auf Matthias Matussek ein, findet Tendenzi\u00f6ses bei Politikern von CDU bis SPD und nimmt Statements von Kirchenvertretern auseinander. Klingenberg seziert auch Fu\u00dfballpatriotismus und Pop-Deutscht\u00fcmelei und behandelt Verschw\u00f6rungstheorien, Asylpolitik, Israelkritik, Geschichtsklitterung und vieles mehr.<\/p>\n<p>Grob sortiert Klingenberg seine Funde nach Themen, ist in seinen Kapiteln aber sehr sprunghaft; wer ihm folgen will, muss wach sein. Aber das muss man als B\u00fcrger dieser Welt ja sowieso. Das Feld ist weit, auf dem die Rechten ackern, und es repr\u00e4sentativ und doch komprimiert unter einen Aluhut zu bekommen, ist eine schwere Aufgabe. Zudem ist es gef\u00e4hrlich, mit einer offensiv linken Sichtweise die rechte offenzulegen; dabei kann einem leider schnell Polemik vorgeworfen werden oder dass man sich genau so ben\u00e4hme wie die, die man zu kritisieren gedenkt. Geschenkt. Auch k\u00f6nnte man dem Autor seine flapsige Art vorwerfen; dabei ist sie angemessen, weil sie den Manipulatoren mit der geb\u00fchrenden Respektlosigkeit gegen\u00fcbertritt. Ein Buch wie dieses ist \u2013 leider! \u2013 notwendig, und diene es auch nur zur Argumentationsst\u00fctze am Stammtisch oder am Arbeitsplatz. Oder in Dresden. Um mal genau so kategorisch zu sein wie die \u201eAsylkritiker\u201c.<\/p>\n","protected":false},"excerpt":{"rendered":"<p>Von Matthias Bosenick (16.11.2015) \/ Auch ver\u00f6ffentlicht auf Kult-Tour\u00a0\u2013 Der Stadtblog \u201eWie Deutschland verbl\u00f6det\u201c, lautet der Untertitel zu Axel Klingenbergs neuer Schrift \u201eDas wird man ja wohl noch sagen d\u00fcrfen!\u201c. Das geht an der Intention dieses B\u00fcchleins allerdings vorbei: Hier &hellip; <a href=\"https:\/\/vanbauseneick.de\/krautnick\/axel-klingenberg-das-wird-man-ja-wohl-noch-sagen-durfen-verlag-andreas-reiffer-2015\/\">Weiterlesen <span class=\"meta-nav\">&rarr;<\/span><\/a><\/p>\n","protected":false},"author":1,"featured_media":0,"comment_status":"closed","ping_status":"closed","sticky":false,"template":"","format":"standard","meta":{"footnotes":""},"categories":[10],"tags":[],"class_list":["post-1571","post","type-post","status-publish","format-standard","hentry","category-buch"],"_links":{"self":[{"href":"https:\/\/vanbauseneick.de\/krautnick\/wp-json\/wp\/v2\/posts\/1571","targetHints":{"allow":["GET"]}}],"collection":[{"href":"https:\/\/vanbauseneick.de\/krautnick\/wp-json\/wp\/v2\/posts"}],"about":[{"href":"https:\/\/vanbauseneick.de\/krautnick\/wp-json\/wp\/v2\/types\/post"}],"author":[{"embeddable":true,"href":"https:\/\/vanbauseneick.de\/krautnick\/wp-json\/wp\/v2\/users\/1"}],"replies":[{"embeddable":true,"href":"https:\/\/vanbauseneick.de\/krautnick\/wp-json\/wp\/v2\/comments?post=1571"}],"version-history":[{"count":4,"href":"https:\/\/vanbauseneick.de\/krautnick\/wp-json\/wp\/v2\/posts\/1571\/revisions"}],"predecessor-version":[{"id":1576,"href":"https:\/\/vanbauseneick.de\/krautnick\/wp-json\/wp\/v2\/posts\/1571\/revisions\/1576"}],"wp:attachment":[{"href":"https:\/\/vanbauseneick.de\/krautnick\/wp-json\/wp\/v2\/media?parent=1571"}],"wp:term":[{"taxonomy":"category","embeddable":true,"href":"https:\/\/vanbauseneick.de\/krautnick\/wp-json\/wp\/v2\/categories?post=1571"},{"taxonomy":"post_tag","embeddable":true,"href":"https:\/\/vanbauseneick.de\/krautnick\/wp-json\/wp\/v2\/tags?post=1571"}],"curies":[{"name":"wp","href":"https:\/\/api.w.org\/{rel}","templated":true}]}}